{"id":2395,"date":"2026-03-14T14:07:26","date_gmt":"2026-03-14T13:07:26","guid":{"rendered":"https:\/\/myadventurebike.com\/?p=2395"},"modified":"2026-04-24T20:22:58","modified_gmt":"2026-04-24T18:22:58","slug":"des-marais-a-la-flandres","status":"publish","type":"post","link":"https:\/\/myadventurebike.com\/index.php\/2026\/03\/14\/des-marais-a-la-flandres\/","title":{"rendered":""},"content":{"rendered":"\n<h1 class=\"wp-block-heading\">Des Marais \u00e0 la Flandres<\/h1>\n\n\n\n<p>Au d\u00e9part de Nortkerque, 2 variantes possibles pour une boucle de 143 km qui t&#8217;emm\u00e8nera des paysages de l&rsquo;Audomarois aux petites routes de la Flandres, avec quelques rencontres avec l&rsquo;histoire avec la Bataille de Zuytpeene en 1677 , ainsi qu&rsquo;\u00e0 la Plaine au bois, lieu de m\u00e9moire d&rsquo;un \u00e9pisode de la guerre 39-45, avant une halte bien m\u00e9rit\u00e9e \u00e0 Esquelbecq Village du livre, avec notamment son superbe ch\u00e2teau \u00e0 voir ou visiter, ainsi que l&rsquo;\u00e9glise avec ses surprenantes statues de bois br\u00fbl\u00e9, des suites d&rsquo;un incendie qui endommagea s\u00e9v\u00e9remment le monument en 1976.<br><br>Quelques photos compl\u00e9mentaires vont arriver. Il faut que je refasse avec plaisir ce magnifique parcours encore une fois !<\/p>\n\n\n\n<figure class=\"wp-block-gallery has-nested-images columns-default is-cropped wp-block-gallery-1 is-layout-flex wp-block-gallery-is-layout-flex\">\n<figure class=\"wp-block-image size-large is-style-default\"><img fetchpriority=\"high\" decoding=\"async\" width=\"600\" height=\"450\" data-id=\"1582\" src=\"https:\/\/myadventurebike.com\/wp-content\/uploads\/2021\/11\/plaine_au_bois_20200615_4.webp\" alt=\"\" class=\"wp-image-1582\" srcset=\"https:\/\/myadventurebike.com\/wp-content\/uploads\/2021\/11\/plaine_au_bois_20200615_4.webp 600w, https:\/\/myadventurebike.com\/wp-content\/uploads\/2021\/11\/plaine_au_bois_20200615_4-300x225.webp 300w\" sizes=\"(max-width: 600px) 100vw, 600px\" \/><\/figure>\n\n\n\n<figure class=\"wp-block-image size-large\"><img decoding=\"async\" width=\"600\" height=\"450\" data-id=\"1583\" src=\"https:\/\/myadventurebike.com\/wp-content\/uploads\/2021\/11\/plaine_au_bois_20200615_7.webp\" alt=\"\" class=\"wp-image-1583\" srcset=\"https:\/\/myadventurebike.com\/wp-content\/uploads\/2021\/11\/plaine_au_bois_20200615_7.webp 600w, https:\/\/myadventurebike.com\/wp-content\/uploads\/2021\/11\/plaine_au_bois_20200615_7-300x225.webp 300w\" sizes=\"(max-width: 600px) 100vw, 600px\" \/><\/figure>\n\n\n\n<figure class=\"wp-block-image size-large\"><img decoding=\"async\" width=\"600\" height=\"450\" data-id=\"1584\" src=\"https:\/\/myadventurebike.com\/wp-content\/uploads\/2021\/11\/plaine_au_bois_20200615_10.webp\" alt=\"\" class=\"wp-image-1584\" srcset=\"https:\/\/myadventurebike.com\/wp-content\/uploads\/2021\/11\/plaine_au_bois_20200615_10.webp 600w, https:\/\/myadventurebike.com\/wp-content\/uploads\/2021\/11\/plaine_au_bois_20200615_10-300x225.webp 300w\" sizes=\"(max-width: 600px) 100vw, 600px\" \/><\/figure>\n<figcaption class=\"blocks-gallery-caption wp-element-caption\"><em>La Plaine au bois, juste avant Esquelbecq<\/em><\/figcaption><\/figure>\n\n\n\n<figure class=\"wp-block-gallery has-nested-images columns-default is-cropped wp-block-gallery-2 is-layout-flex wp-block-gallery-is-layout-flex\">\n<figure class=\"wp-block-image size-large\"><img loading=\"lazy\" decoding=\"async\" width=\"800\" height=\"530\" data-id=\"2397\" src=\"https:\/\/myadventurebike.com\/wp-content\/uploads\/2026\/03\/marais-flandres_2_myadv.webp\" alt=\"\" class=\"wp-image-2397\" srcset=\"https:\/\/myadventurebike.com\/wp-content\/uploads\/2026\/03\/marais-flandres_2_myadv.webp 800w, https:\/\/myadventurebike.com\/wp-content\/uploads\/2026\/03\/marais-flandres_2_myadv-300x200.webp 300w, https:\/\/myadventurebike.com\/wp-content\/uploads\/2026\/03\/marais-flandres_2_myadv-768x509.webp 768w\" sizes=\"(max-width: 800px) 100vw, 800px\" \/><\/figure>\n\n\n\n<figure class=\"wp-block-image size-large\"><img loading=\"lazy\" decoding=\"async\" width=\"800\" height=\"530\" data-id=\"2396\" src=\"https:\/\/myadventurebike.com\/wp-content\/uploads\/2026\/03\/marais-flandres_1myadv.webp\" alt=\"\" class=\"wp-image-2396\" srcset=\"https:\/\/myadventurebike.com\/wp-content\/uploads\/2026\/03\/marais-flandres_1myadv.webp 800w, https:\/\/myadventurebike.com\/wp-content\/uploads\/2026\/03\/marais-flandres_1myadv-300x200.webp 300w, https:\/\/myadventurebike.com\/wp-content\/uploads\/2026\/03\/marais-flandres_1myadv-768x509.webp 768w\" sizes=\"(max-width: 800px) 100vw, 800px\" \/><\/figure>\n\n\n\n<figure class=\"wp-block-image size-large\"><img loading=\"lazy\" decoding=\"async\" width=\"800\" height=\"530\" data-id=\"2398\" src=\"https:\/\/myadventurebike.com\/wp-content\/uploads\/2026\/03\/marais-flandres_3_myadv.webp\" alt=\"\" class=\"wp-image-2398\" srcset=\"https:\/\/myadventurebike.com\/wp-content\/uploads\/2026\/03\/marais-flandres_3_myadv.webp 800w, https:\/\/myadventurebike.com\/wp-content\/uploads\/2026\/03\/marais-flandres_3_myadv-300x200.webp 300w, https:\/\/myadventurebike.com\/wp-content\/uploads\/2026\/03\/marais-flandres_3_myadv-768x509.webp 768w\" sizes=\"(max-width: 800px) 100vw, 800px\" \/><\/figure>\n<figcaption class=\"blocks-gallery-caption wp-element-caption\"><em>Arr\u00eat \u00e0 Esquelbecq<\/em><\/figcaption><\/figure>\n\n\n\n<div class=\"wp-block-media-text is-stacked-on-mobile\" style=\"grid-template-columns:15% auto\"><figure class=\"wp-block-media-text__media\"><img loading=\"lazy\" decoding=\"async\" width=\"512\" height=\"512\" src=\"https:\/\/myadventurebike.com\/wp-content\/uploads\/2023\/12\/fichier_gps.png\" alt=\"\" class=\"wp-image-1534 size-full\" srcset=\"https:\/\/myadventurebike.com\/wp-content\/uploads\/2023\/12\/fichier_gps.png 512w, https:\/\/myadventurebike.com\/wp-content\/uploads\/2023\/12\/fichier_gps-300x300.png 300w, https:\/\/myadventurebike.com\/wp-content\/uploads\/2023\/12\/fichier_gps-150x150.png 150w, https:\/\/myadventurebike.com\/wp-content\/uploads\/2023\/12\/fichier_gps-75x75.png 75w\" sizes=\"(max-width: 512px) 100vw, 512px\" \/><\/figure><div class=\"wp-block-media-text__content\">\n<p><strong><em>T\u00e9l\u00e9charge ton parcours en format GPX  !<\/em><\/strong><\/p>\n\n\n\n<p>Parcours : <a href=\"https:\/\/www.myadventurebike.com\/traces_gps\/Marais_Flandres_Route-2026.gpx\">Marais_Flandres_route<\/a><br><br>Scanne le QR Code pour un t\u00e9l\u00e9chargement direct !<\/p>\n\n\n\n<figure class=\"wp-block-image size-full is-resized\"><img loading=\"lazy\" decoding=\"async\" width=\"246\" height=\"246\" src=\"https:\/\/myadventurebike.com\/wp-content\/uploads\/2026\/03\/gpx_marais_flandres.png\" alt=\"\" class=\"wp-image-2444\" style=\"width:106px;height:auto\" srcset=\"https:\/\/myadventurebike.com\/wp-content\/uploads\/2026\/03\/gpx_marais_flandres.png 246w, https:\/\/myadventurebike.com\/wp-content\/uploads\/2026\/03\/gpx_marais_flandres-150x150.png 150w, https:\/\/myadventurebike.com\/wp-content\/uploads\/2026\/03\/gpx_marais_flandres-75x75.png 75w\" sizes=\"(max-width: 246px) 100vw, 246px\" \/><\/figure>\n<\/div><\/div>\n\n\n\n<p><strong>Traces GPS fournies \u00e0 titre indicatif<\/strong>. <br>V\u00e9rifiez toujours l\u2019accessibilit\u00e9 et la r\u00e9glementation des voies. Vous \u00eates seul responsable de votre itin\u00e9raire, de votre s\u00e9curit\u00e9 et du respect des lois en vigueur.<\/p>\n\n\n\n<p><\/p>\n","protected":false},"excerpt":{"rendered":"<p>Des Marais \u00e0 la Flandres Au d\u00e9part de Nortkerque, 2 variantes possibles pour une boucle de 143 km qui t&#8217;emm\u00e8nera des paysages de l&rsquo;Audomarois aux petites routes de la Flandres, avec quelques rencontres avec l&rsquo;histoire avec la Bataille de Zuytpeene en 1677 , ainsi qu&rsquo;\u00e0 la Plaine au bois, lieu de m\u00e9moire d&rsquo;un \u00e9pisode de la guerre 39-45, avant une halte bien m\u00e9rit\u00e9e \u00e0 Esquelbecq Village du livre, avec notamment son superbe ch\u00e2teau \u00e0 voir ou visiter, ainsi que l&rsquo;\u00e9glise avec ses surprenantes statues de bois br\u00fbl\u00e9, des suites d&rsquo;un incendie qui endommagea s\u00e9v\u00e9remment le monument en 1976. Quelques photos compl\u00e9mentaires vont arriver. Il faut que je refasse avec plaisir ce magnifique parcours encore une fois ! Traces GPS fournies \u00e0 titre indicatif. V\u00e9rifiez toujours l\u2019accessibilit\u00e9 et la r\u00e9glementation des voies. Vous \u00eates seul responsable de votre itin\u00e9raire, de votre s\u00e9curit\u00e9 et du respect des lois en vigueur.<\/p>\n","protected":false},"author":1,"featured_media":2406,"comment_status":"open","ping_status":"open","sticky":false,"template":"","format":"standard","meta":{"footnotes":""},"categories":[7,39,25],"tags":[],"class_list":["post-2395","post","type-post","status-publish","format-standard","has-post-thumbnail","hentry","category-histoire","category-sortie-journee","category-tourisme"],"acf":[],"_links":{"self":[{"href":"https:\/\/myadventurebike.com\/index.php\/wp-json\/wp\/v2\/posts\/2395","targetHints":{"allow":["GET"]}}],"collection":[{"href":"https:\/\/myadventurebike.com\/index.php\/wp-json\/wp\/v2\/posts"}],"about":[{"href":"https:\/\/myadventurebike.com\/index.php\/wp-json\/wp\/v2\/types\/post"}],"author":[{"embeddable":true,"href":"https:\/\/myadventurebike.com\/index.php\/wp-json\/wp\/v2\/users\/1"}],"replies":[{"embeddable":true,"href":"https:\/\/myadventurebike.com\/index.php\/wp-json\/wp\/v2\/comments?post=2395"}],"version-history":[{"count":8,"href":"https:\/\/myadventurebike.com\/index.php\/wp-json\/wp\/v2\/posts\/2395\/revisions"}],"predecessor-version":[{"id":2446,"href":"https:\/\/myadventurebike.com\/index.php\/wp-json\/wp\/v2\/posts\/2395\/revisions\/2446"}],"wp:featuredmedia":[{"embeddable":true,"href":"https:\/\/myadventurebike.com\/index.php\/wp-json\/wp\/v2\/media\/2406"}],"wp:attachment":[{"href":"https:\/\/myadventurebike.com\/index.php\/wp-json\/wp\/v2\/media?parent=2395"}],"wp:term":[{"taxonomy":"category","embeddable":true,"href":"https:\/\/myadventurebike.com\/index.php\/wp-json\/wp\/v2\/categories?post=2395"},{"taxonomy":"post_tag","embeddable":true,"href":"https:\/\/myadventurebike.com\/index.php\/wp-json\/wp\/v2\/tags?post=2395"}],"curies":[{"name":"wp","href":"https:\/\/api.w.org\/{rel}","templated":true}]}}