{"id":2174,"date":"2025-10-18T19:06:06","date_gmt":"2025-10-18T17:06:06","guid":{"rendered":"https:\/\/myadventurebike.com\/?p=2174"},"modified":"2025-10-18T19:12:51","modified_gmt":"2025-10-18T17:12:51","slug":"automne-en-argonne","status":"publish","type":"post","link":"https:\/\/myadventurebike.com\/index.php\/2025\/10\/18\/automne-en-argonne\/","title":{"rendered":"Automne en Argonne"},"content":{"rendered":"\n<p>Je suis parti sur les traces d&rsquo;un soldat de 14-18 en Argonne, c&rsquo;est \u00e0 dire tout le secteur autour de Verdun. 3 jours de road trip dont je te livre ici les premi\u00e8res images, sachant qu&rsquo;un autre film est en cours de montage qui portera plus sur ce soldat.<\/p>\n\n\n\n<p>De magnifiques paysages, un parcours que j&rsquo;ai trac\u00e9 et que je te mettrai \u00e0 disposition sur mon site myadventurebike.com avec de nombreuses photos, mais aussi \u00e9norm\u00e9ment d&rsquo;\u00e9motion quand on conna\u00eet la rudesse des combats et l&rsquo;engagement de ces h\u00e9ros.<\/p>\n\n\n\n<p>C&rsquo;est ma fa\u00e7on de leur rendre hommage.<\/p>\n\n\n\n<figure class=\"wp-block-embed is-type-video is-provider-youtube wp-block-embed-youtube wp-embed-aspect-16-9 wp-has-aspect-ratio\"><div class=\"wp-block-embed__wrapper\">\n<iframe title=\"Automne en Argonne 2025\" width=\"960\" height=\"540\" src=\"https:\/\/www.youtube.com\/embed\/p2QZgMdA5xg?feature=oembed\" frameborder=\"0\" allow=\"accelerometer; autoplay; clipboard-write; encrypted-media; gyroscope; picture-in-picture; web-share\" referrerpolicy=\"strict-origin-when-cross-origin\" allowfullscreen><\/iframe>\n<\/div><\/figure>\n","protected":false},"excerpt":{"rendered":"<p>Je suis parti sur les traces d&rsquo;un soldat de 14-18 en Argonne, c&rsquo;est \u00e0 dire tout le secteur autour de Verdun. 3 jours de road trip dont je te livre ici les premi\u00e8res images, sachant qu&rsquo;un autre film est en cours de montage qui portera plus sur ce soldat. De magnifiques paysages, un parcours que j&rsquo;ai trac\u00e9 et que je te mettrai \u00e0 disposition sur mon site myadventurebike.com avec de nombreuses photos, mais aussi \u00e9norm\u00e9ment d&rsquo;\u00e9motion quand on conna\u00eet la rudesse des combats et l&rsquo;engagement de ces h\u00e9ros. C&rsquo;est ma fa\u00e7on de leur rendre hommage.<\/p>\n","protected":false},"author":1,"featured_media":2176,"comment_status":"open","ping_status":"open","sticky":false,"template":"","format":"standard","meta":{"footnotes":""},"categories":[7],"tags":[],"class_list":["post-2174","post","type-post","status-publish","format-standard","has-post-thumbnail","hentry","category-histoire"],"acf":[],"_links":{"self":[{"href":"https:\/\/myadventurebike.com\/index.php\/wp-json\/wp\/v2\/posts\/2174","targetHints":{"allow":["GET"]}}],"collection":[{"href":"https:\/\/myadventurebike.com\/index.php\/wp-json\/wp\/v2\/posts"}],"about":[{"href":"https:\/\/myadventurebike.com\/index.php\/wp-json\/wp\/v2\/types\/post"}],"author":[{"embeddable":true,"href":"https:\/\/myadventurebike.com\/index.php\/wp-json\/wp\/v2\/users\/1"}],"replies":[{"embeddable":true,"href":"https:\/\/myadventurebike.com\/index.php\/wp-json\/wp\/v2\/comments?post=2174"}],"version-history":[{"count":2,"href":"https:\/\/myadventurebike.com\/index.php\/wp-json\/wp\/v2\/posts\/2174\/revisions"}],"predecessor-version":[{"id":2178,"href":"https:\/\/myadventurebike.com\/index.php\/wp-json\/wp\/v2\/posts\/2174\/revisions\/2178"}],"wp:featuredmedia":[{"embeddable":true,"href":"https:\/\/myadventurebike.com\/index.php\/wp-json\/wp\/v2\/media\/2176"}],"wp:attachment":[{"href":"https:\/\/myadventurebike.com\/index.php\/wp-json\/wp\/v2\/media?parent=2174"}],"wp:term":[{"taxonomy":"category","embeddable":true,"href":"https:\/\/myadventurebike.com\/index.php\/wp-json\/wp\/v2\/categories?post=2174"},{"taxonomy":"post_tag","embeddable":true,"href":"https:\/\/myadventurebike.com\/index.php\/wp-json\/wp\/v2\/tags?post=2174"}],"curies":[{"name":"wp","href":"https:\/\/api.w.org\/{rel}","templated":true}]}}