{"id":1758,"date":"2024-11-30T12:13:51","date_gmt":"2024-11-30T11:13:51","guid":{"rendered":"https:\/\/myadventurebike.com\/?p=1758"},"modified":"2025-07-22T09:43:06","modified_gmt":"2025-07-22T07:43:06","slug":"quelques-news","status":"publish","type":"post","link":"https:\/\/myadventurebike.com\/index.php\/2024\/11\/30\/quelques-news\/","title":{"rendered":"Quelques News&#8230;"},"content":{"rendered":"\n<p>2024 se termine et je pr\u00e9pare d\u00e9j\u00e0 2025. Revue de d\u00e9tail :<br><br><strong>Road trip<\/strong><br><br>En 2024, je n&rsquo;ai pas boug\u00e9 beaucoup avec Gypsy et nous n&rsquo;avons parcouru  \u00ab\u00a0que\u00a0\u00bb un peu plus de 7000km&#8230; Apr\u00e8s sa grosse r\u00e9vision de d\u00e9but d&rsquo;ann\u00e9e, le budget n&rsquo;\u00e9tait plus l\u00e0 ! Pour 2025, j&rsquo;envisageait de partir \u00e0 l&rsquo;assaut de l&rsquo;Irlande et prolonger vers l&rsquo;\u00efle de Skye. Finalement, ma destination sera plus modeste car le budget des travers\u00e9es est assez lourd et repr\u00e9sente pr\u00e8s de la moiti\u00e9 des d\u00e9penses. En avant vers des terres inconnnues, et c&rsquo;est \u00e0 l&rsquo;assaut du Rhin que je partirai cette fois en ao\u00fbt prochain : Belgique, Allemagne, Suisse, Alpes, Jura et Vosges sont au programme pour 9 jours de voyage. Je te donnerai plus au fur  et \u00e0 mesure de la cr\u00e9ation du parcours, que je r\u00e9alise en collaboration avec Chat GPT !<br><br><strong>Essais moto<\/strong><\/p>\n\n\n\n<div class=\"wp-block-media-text is-stacked-on-mobile\" style=\"grid-template-columns:47% auto\"><figure class=\"wp-block-media-text__media\"><img decoding=\"async\" width=\"375\" height=\"124\" src=\"https:\/\/myadventurebike.com\/wp-content\/uploads\/2024\/11\/logo-dafy-speed-calais.png\" alt=\"\" class=\"wp-image-1759 size-full\" srcset=\"https:\/\/myadventurebike.com\/wp-content\/uploads\/2024\/11\/logo-dafy-speed-calais.png 375w, https:\/\/myadventurebike.com\/wp-content\/uploads\/2024\/11\/logo-dafy-speed-calais-300x99.png 300w\" sizes=\"(max-width: 375px) 100vw, 375px\" \/><\/figure><div class=\"wp-block-media-text__content\">\n<p><br>Un partenariat est envisag\u00e9 avec DAFY Speed &#8211; Brame Sports Calais et son dynamique responsable Simon Catteau. <br>Il s&rsquo;agira de pr\u00e9senter les diff\u00e9rents mod\u00e8les de la gamme Voge, dont la DS900X et la tr\u00e8s attendue DS800 Rally. Le premier essai sera  une Brixton Cromwell 1200. Pas mon style de moto, quoi que&#8230; Mais il y a des chiffres qui mes causent doucement \u00e0 l&rsquo;oreille : 1222 cm3, 83 ch \u00e0 6 550 tr\/min , 108 Nm d\u00e8s 3 100 tr\/min. Et puis, un Look TERRIBLE !<\/p>\n<\/div><\/div>\n\n\n\n<p><strong>Cha\u00eene Youtube<\/strong><\/p>\n\n\n\n<p>Je vais terminer l&rsquo;ann\u00e9e avec environ 825 abonn\u00e9s, et j&rsquo;esp\u00e8re franchir le cap des 1000 au premier trimestre. C&rsquo;est une communaut\u00e9 assez fid\u00e8le, et avec laquelle je communique r\u00e9guli\u00e8rement. C&rsquo;est \u00e9galement un public qui me ressemble, puisque 100% de l&rsquo;audience est dans la tranche 45-65 ans et majoritairement Masculine (!) Depuis septembre, j&rsquo;essaye de mettre l&rsquo;accent sur les shorts, mais aussi sur des reportages d&rsquo;un format plus court de moins de 15 minutes, avec du mat\u00e9riel ou \u00e9quipements que j&rsquo;ach\u00e8te (Porte blouson, gonfleur Bosh,&#8230;). Comme je ne peux pas tout acheter, les sujets sont relativements peu nombreux, mais correspondent aux question courantes de tout bon motard.<br>Il y aura par exemple, un sujet sur mon prochain changement de pneus, mais \u00e9galement un nouveau point sur mon \u00e9quipement et mat\u00e9riel de voyage.<br><br>Voil\u00e0, c&rsquo;est tout ce que je peux te dire aujourd&rsquo;hui, sur un programme, qui ne demande qu&rsquo;\u00e0 se charger !<\/p>\n\n\n\n<p><\/p>\n","protected":false},"excerpt":{"rendered":"<p>2024 se termine et je pr\u00e9pare d\u00e9j\u00e0 2025. Revue de d\u00e9tail : Road trip En 2024, je n&rsquo;ai pas boug\u00e9 beaucoup avec Gypsy et nous n&rsquo;avons parcouru \u00ab\u00a0que\u00a0\u00bb un peu plus de 7000km&#8230; Apr\u00e8s sa grosse r\u00e9vision de d\u00e9but d&rsquo;ann\u00e9e, le budget n&rsquo;\u00e9tait plus l\u00e0 ! Pour 2025, j&rsquo;envisageait de partir \u00e0 l&rsquo;assaut de l&rsquo;Irlande et prolonger vers l&rsquo;\u00efle de Skye. Finalement, ma destination sera plus modeste car le budget des travers\u00e9es est assez lourd et repr\u00e9sente pr\u00e8s de la moiti\u00e9 des d\u00e9penses. En avant vers des terres inconnnues, et c&rsquo;est \u00e0 l&rsquo;assaut du Rhin que je partirai cette fois en ao\u00fbt prochain : Belgique, Allemagne, Suisse, Alpes, Jura et Vosges sont au programme pour 9 jours de voyage. Je te donnerai plus au fur et \u00e0 mesure de la cr\u00e9ation du parcours, que je r\u00e9alise en collaboration avec Chat GPT ! Essais moto Un partenariat est envisag\u00e9 avec DAFY Speed &#8211; Brame Sports Calais et son dynamique responsable Simon Catteau. Il s&rsquo;agira de pr\u00e9senter les diff\u00e9rents mod\u00e8les de la gamme Voge, dont la DS900X et la tr\u00e8s attendue DS800 Rally. Le premier essai sera une Brixton Cromwell 1200. Pas mon style de moto, quoi que&#8230; Mais il y a des chiffres qui mes causent doucement \u00e0 l&rsquo;oreille : 1222 cm3, 83 ch \u00e0 6 550 tr\/min , 108 Nm d\u00e8s 3 100 tr\/min. Et puis, un Look TERRIBLE ! Cha\u00eene Youtube Je vais terminer l&rsquo;ann\u00e9e avec environ 825 abonn\u00e9s, et j&rsquo;esp\u00e8re franchir le cap des 1000 au premier trimestre. C&rsquo;est une communaut\u00e9 assez fid\u00e8le, et avec laquelle je communique r\u00e9guli\u00e8rement. C&rsquo;est \u00e9galement un public qui me ressemble, puisque 100% de l&rsquo;audience est dans la tranche 45-65 ans et majoritairement Masculine (!) Depuis septembre, j&rsquo;essaye de mettre l&rsquo;accent sur les shorts, mais aussi sur des reportages d&rsquo;un format plus court de moins de 15 minutes, avec du mat\u00e9riel ou \u00e9quipements que j&rsquo;ach\u00e8te (Porte blouson, gonfleur Bosh,&#8230;). Comme je ne peux pas tout acheter, les sujets sont relativements peu nombreux, mais correspondent aux question courantes de tout bon motard.Il y aura par exemple, un sujet sur mon prochain changement de pneus, mais \u00e9galement un nouveau point sur mon \u00e9quipement et mat\u00e9riel de voyage. Voil\u00e0, c&rsquo;est tout ce que je peux te dire aujourd&rsquo;hui, sur un programme, qui ne demande qu&rsquo;\u00e0 se charger !<\/p>\n","protected":false},"author":1,"featured_media":1853,"comment_status":"open","ping_status":"open","sticky":false,"template":"","format":"standard","meta":{"footnotes":""},"categories":[22],"tags":[],"class_list":["post-1758","post","type-post","status-publish","format-standard","has-post-thumbnail","hentry","category-info"],"acf":[],"_links":{"self":[{"href":"https:\/\/myadventurebike.com\/index.php\/wp-json\/wp\/v2\/posts\/1758","targetHints":{"allow":["GET"]}}],"collection":[{"href":"https:\/\/myadventurebike.com\/index.php\/wp-json\/wp\/v2\/posts"}],"about":[{"href":"https:\/\/myadventurebike.com\/index.php\/wp-json\/wp\/v2\/types\/post"}],"author":[{"embeddable":true,"href":"https:\/\/myadventurebike.com\/index.php\/wp-json\/wp\/v2\/users\/1"}],"replies":[{"embeddable":true,"href":"https:\/\/myadventurebike.com\/index.php\/wp-json\/wp\/v2\/comments?post=1758"}],"version-history":[{"count":1,"href":"https:\/\/myadventurebike.com\/index.php\/wp-json\/wp\/v2\/posts\/1758\/revisions"}],"predecessor-version":[{"id":1761,"href":"https:\/\/myadventurebike.com\/index.php\/wp-json\/wp\/v2\/posts\/1758\/revisions\/1761"}],"wp:featuredmedia":[{"embeddable":true,"href":"https:\/\/myadventurebike.com\/index.php\/wp-json\/wp\/v2\/media\/1853"}],"wp:attachment":[{"href":"https:\/\/myadventurebike.com\/index.php\/wp-json\/wp\/v2\/media?parent=1758"}],"wp:term":[{"taxonomy":"category","embeddable":true,"href":"https:\/\/myadventurebike.com\/index.php\/wp-json\/wp\/v2\/categories?post=1758"},{"taxonomy":"post_tag","embeddable":true,"href":"https:\/\/myadventurebike.com\/index.php\/wp-json\/wp\/v2\/tags?post=1758"}],"curies":[{"name":"wp","href":"https:\/\/api.w.org\/{rel}","templated":true}]}}